{"id":3974,"date":"2023-07-07T09:03:28","date_gmt":"2023-07-07T09:03:28","guid":{"rendered":"https:\/\/www.portanaviajes.com\/?p=3974"},"modified":"2025-04-07T06:07:56","modified_gmt":"2025-04-07T06:07:56","slug":"yamaha-tenere-world-raid","status":"publish","type":"post","link":"https:\/\/www.portanaviajes.com\/en\/yamaha-tenere-world-raid\/","title":{"rendered":"YAMAHA T\u00c9N\u00c9R\u00c9 WORLD RAID"},"content":{"rendered":"<div data-elementor-type=\"wp-post\" data-elementor-id=\"3974\" class=\"elementor elementor-3974\">\n\t\t\t\t\t\t<section class=\"elementor-section elementor-top-section elementor-element elementor-element-b8dda7f elementor-section-boxed elementor-section-height-default elementor-section-height-default\" data-id=\"b8dda7f\" data-element_type=\"section\" data-e-type=\"section\">\n\t\t\t\t\t\t<div class=\"elementor-container elementor-column-gap-default\">\n\t\t\t\t\t<div class=\"elementor-column elementor-col-100 elementor-top-column elementor-element elementor-element-57521d3\" data-id=\"57521d3\" data-element_type=\"column\" data-e-type=\"column\">\n\t\t\t<div class=\"elementor-widget-wrap elementor-element-populated\">\n\t\t\t\t\t\t<div class=\"elementor-element elementor-element-7aa1949 elementor-widget elementor-widget-text-editor\" data-id=\"7aa1949\" data-element_type=\"widget\" data-e-type=\"widget\" data-widget_type=\"text-editor.default\">\n\t\t\t\t<div class=\"elementor-widget-container\">\n\t\t\t\t\t\t\t\t\t<p id=\"foo\" class=\"CIFvi F607M\" dir=\"auto\" data-pm-slice=\"1 1 []\"><strong>T\u00c9N\u00c9R\u00c9<\/strong>, sin\u00f3nimo de aventura, desaf\u00edo, adrenalina, orientaci\u00f3n, destreza, resistencia\u2026. los de Yamaha dieron con el nombre perfecto para uno de sus ic\u00f3nicos modelos, una moto con historia en manos de extraordinarios pilotos, hoy d\u00eda y para los aficionados o pilotos amateur la <strong>Yamaha T\u00c9N\u00c9R\u00c9 World Raid<\/strong> se ha convertido en una de las mejores opciones de moto Trail del mercado, una m\u00e1quina para disfrutar tanto por carretera como por campo, desplazarse en el d\u00eda a d\u00eda o plantearse la emocionante aventura de un largo viaje.<\/p><p id=\"creqb\" class=\"CIFvi F607M\" dir=\"auto\" data-pm-slice=\"1 1 []\">Estas semanas en Portana Viajes hemos podido probar la <strong>T\u00c9N\u00c9R\u00c9 World Raid<\/strong> en todo tipo de terrenos, duros, arena, barro, piedras, largos recorridos incluso alguna trialera que otra, si hay una palabra que puede definir esta moto es <strong>\u201cpolivalencia\u201d<\/strong>.<\/p><p id=\"aeh4g\" class=\"CIFvi F607M\" dir=\"auto\">Tal y como nuestra normativa medio ambiental nos permite circular con veh\u00edculos a motor por el medio natural, la <strong>Yamaha T\u00e9n\u00e9r\u00e9<\/strong> es una opci\u00f3n perfecta para quemar adrenalina y disfrutar de la naturaleza dejando la menor huella posible.<\/p><p id=\"8p3nv\" class=\"CIFvi F607M\" dir=\"auto\">Gracias a la colaboraci\u00f3n del concesionario Yamaha en Almer\u00eda<span style=\"text-decoration: underline;\"><strong> \u201cLuis Contreras Motos\u201d<\/strong><\/span>, hemos ofrecido en las rutas y viajes de Portana, la posibilidad de probarla en su terreno favorito, estos son algunos de los comentarios que de forma an\u00f3nima han sido rellenados en nuestro cuestionario de calidad:<\/p><ul><li style=\"text-align: left;\"><p>Moto muy equilibrada..<\/p><\/li><li style=\"text-align: left;\"><p id=\"2875c\" class=\"CIFvi F607M\" dir=\"auto\">Parece una enduro grande..<\/p><\/li><li style=\"text-align: left;\"><p id=\"c5m5g\" class=\"CIFvi F607M\" dir=\"auto\">Se nota much\u00edsimo la ayuda del amortiguador de direcci\u00f3n..<\/p><\/li><li style=\"text-align: left;\"><p id=\"57rgn\" class=\"CIFvi F607M\" dir=\"auto\">Dise\u00f1o espectacular, muy dakariana..<\/p><\/li><li style=\"text-align: left;\"><p id=\"9q01q\" class=\"CIFvi F607M\" dir=\"auto\">Tubo de escape muy expuesto a ca\u00eddas..<\/p><\/li><li style=\"text-align: left;\"><p id=\"bu3r8\" class=\"CIFvi F607M\" dir=\"auto\">Suspensiones muy bien taradas de casa..<\/p><\/li><li style=\"text-align: left;\"><p id=\"fue9d\" class=\"CIFvi F607M\" dir=\"auto\">Muy c\u00f3modos los ganchos de la parte trasera para llevar una bolsa..<\/p><\/li><li style=\"text-align: left;\"><p id=\"dmqsj\" class=\"CIFvi F607M\" dir=\"auto\">Asiento perfecto para conducci\u00f3n por campo y\/o carretera..<\/p><\/li><li style=\"text-align: left;\"><p id=\"29gp2\" class=\"CIFvi F607M\" dir=\"auto\">La c\u00fapula ofrece bastante protecci\u00f3n..<\/p><\/li><li style=\"text-align: left;\"><p id=\"9vv38\" class=\"CIFvi F607M\" dir=\"auto\">Demasiados pasos para desconectar el ABS..<\/p><\/li><li style=\"text-align: left;\"><p id=\"eg6rc\" class=\"CIFvi F607M\" dir=\"auto\">Se puede rodar a un ritmo muy alto sin sobresaltos..<\/p><\/li><li style=\"text-align: left;\"><p id=\"7vg94\" class=\"CIFvi F607M\" dir=\"auto\">Rutera..<\/p><\/li><li style=\"text-align: left;\"><p id=\"dkg2m\" class=\"CIFvi F607M\" dir=\"auto\">Demasiado alta para pilotos bajitos..<\/p><\/li><li style=\"text-align: left;\"><p id=\"6rojr\" class=\"CIFvi F607M\" dir=\"auto\">No escarba, entrega potencia suave a bajo r\u00e9gimen.<\/p><\/li><li style=\"text-align: left;\"><p id=\"42ta7\" class=\"CIFvi F607M\" dir=\"auto\">Poca electr\u00f3nica, mejor para campo.<\/p><\/li><li style=\"text-align: left;\"><p id=\"fbnt1\" class=\"CIFvi F607M\" dir=\"auto\">Pantalla con doble trip, ideal para navegar con rut\u00f3metro.<\/p><\/li><li style=\"text-align: left;\"><p id=\"ljpv\" class=\"CIFvi F607M\" dir=\"auto\">F\u00e1cil acoplamiento de los dispositivos de navegaci\u00f3n, trip, tablet, m\u00f3vil..<\/p><\/li><li><p id=\"5ciav\" class=\"CIFvi F607M\" dir=\"auto\" style=\"text-align: left;\">Muy buena posici\u00f3n de conducci\u00f3n, tanto de pie como sentado..<\/p><\/li><li><p id=\"254g6\" class=\"CIFvi F607M\" dir=\"auto\">Falta potencia en altos, se queda corta en autopista..<\/p><\/li><li><p id=\"ccq37\" class=\"CIFvi F607M\" dir=\"auto\">Mejor no llenar los dos tanques si vas a hacer trail enduro, autonom\u00eda de sobra..<\/p><\/li><\/ul><p id=\"ccq37\" class=\"CIFvi F607M\" dir=\"auto\">Estas son las opiniones m\u00e1s significativos realizadas por moteros como t\u00fa, aficionados al Trail con diferentes niveles y experiencia, totalmente objetivos.<\/p><p class=\"CIFvi F607M\" dir=\"auto\">Yo a\u00f1ado uno m\u00e1s: <strong>\u201cEl Precio\u201d<\/strong>, el \u00e9xito actual de este modelo de Yamaha se debe a la <span style=\"text-decoration: underline;\"><strong>extraordinaria proporcionalidad entre las caracter\u00edsticas y beneficios que ofrece con relaci\u00f3n a su precio<\/strong><\/span>, satisfaciendo las necesidades del motero trail de manera excepcional.<\/p><p class=\"CIFvi F607M\" dir=\"auto\">JFOrta.<\/p><ul><li id=\"bdafr\" class=\"CIFvi F607M\" dir=\"auto\">\u00a0<\/li><\/ul>\t\t\t\t\t\t\t\t<\/div>\n\t\t\t\t<\/div>\n\t\t\t\t\t<\/div>\n\t\t<\/div>\n\t\t\t\t\t<\/div>\n\t\t<\/section>\n\t\t\t\t<section class=\"elementor-section elementor-top-section elementor-element elementor-element-94222bf elementor-section-boxed elementor-section-height-default elementor-section-height-default\" data-id=\"94222bf\" data-element_type=\"section\" data-e-type=\"section\">\n\t\t\t\t\t\t<div class=\"elementor-container elementor-column-gap-default\">\n\t\t\t\t\t<div class=\"elementor-column elementor-col-100 elementor-top-column elementor-element elementor-element-626422d\" data-id=\"626422d\" data-element_type=\"column\" data-e-type=\"column\">\n\t\t\t<div class=\"elementor-widget-wrap elementor-element-populated\">\n\t\t\t\t\t\t<div class=\"elementor-element elementor-element-70dbbe5 elementor-widget elementor-widget-image\" data-id=\"70dbbe5\" data-element_type=\"widget\" data-e-type=\"widget\" data-widget_type=\"image.default\">\n\t\t\t\t<div class=\"elementor-widget-container\">\n\t\t\t\t\t\t\t\t\t\t\t\t\t\t\t<img fetchpriority=\"high\" decoding=\"async\" width=\"740\" height=\"592\" src=\"https:\/\/www.portanaviajes.com\/wp-content\/uploads\/2024\/01\/YAMAHA-TENERE.webp\" class=\"attachment-large size-large wp-image-3982\" alt=\"\" srcset=\"https:\/\/www.portanaviajes.com\/wp-content\/uploads\/2024\/01\/YAMAHA-TENERE.webp 740w, https:\/\/www.portanaviajes.com\/wp-content\/uploads\/2024\/01\/YAMAHA-TENERE-300x240.webp 300w, https:\/\/www.portanaviajes.com\/wp-content\/uploads\/2024\/01\/YAMAHA-TENERE-15x12.webp 15w\" sizes=\"(max-width: 740px) 100vw, 740px\" \/>\t\t\t\t\t\t\t\t\t\t\t\t\t\t\t<\/div>\n\t\t\t\t<\/div>\n\t\t\t\t\t<\/div>\n\t\t<\/div>\n\t\t\t\t\t<\/div>\n\t\t<\/section>\n\t\t\t\t<\/div>","protected":false},"excerpt":{"rendered":"<p>T\u00c9N\u00c9R\u00c9, sin\u00f3nimo de aventura, desaf\u00edo, adrenalina, orientaci\u00f3n, destreza, resistencia\u2026. los de Yamaha dieron con el nombre perfecto para uno de sus ic\u00f3nicos modelos, una moto con historia en manos de extraordinarios pilotos, hoy d\u00eda y para los aficionados o pilotos amateur la Yamaha T\u00c9N\u00c9R\u00c9&#8230;<\/p>","protected":false},"author":2,"featured_media":3799,"comment_status":"closed","ping_status":"closed","sticky":false,"template":"","format":"standard","meta":{"footnotes":""},"categories":[96],"tags":[],"class_list":["post-3974","post","type-post","status-publish","format-standard","has-post-thumbnail","hentry","category-pruebas"],"meta_box":[],"_links":{"self":[{"href":"https:\/\/www.portanaviajes.com\/en\/wp-json\/wp\/v2\/posts\/3974","targetHints":{"allow":["GET"]}}],"collection":[{"href":"https:\/\/www.portanaviajes.com\/en\/wp-json\/wp\/v2\/posts"}],"about":[{"href":"https:\/\/www.portanaviajes.com\/en\/wp-json\/wp\/v2\/types\/post"}],"author":[{"embeddable":true,"href":"https:\/\/www.portanaviajes.com\/en\/wp-json\/wp\/v2\/users\/2"}],"replies":[{"embeddable":true,"href":"https:\/\/www.portanaviajes.com\/en\/wp-json\/wp\/v2\/comments?post=3974"}],"version-history":[{"count":14,"href":"https:\/\/www.portanaviajes.com\/en\/wp-json\/wp\/v2\/posts\/3974\/revisions"}],"predecessor-version":[{"id":3991,"href":"https:\/\/www.portanaviajes.com\/en\/wp-json\/wp\/v2\/posts\/3974\/revisions\/3991"}],"wp:featuredmedia":[{"embeddable":true,"href":"https:\/\/www.portanaviajes.com\/en\/wp-json\/wp\/v2\/media\/3799"}],"wp:attachment":[{"href":"https:\/\/www.portanaviajes.com\/en\/wp-json\/wp\/v2\/media?parent=3974"}],"wp:term":[{"taxonomy":"category","embeddable":true,"href":"https:\/\/www.portanaviajes.com\/en\/wp-json\/wp\/v2\/categories?post=3974"},{"taxonomy":"post_tag","embeddable":true,"href":"https:\/\/www.portanaviajes.com\/en\/wp-json\/wp\/v2\/tags?post=3974"}],"curies":[{"name":"wp","href":"https:\/\/api.w.org\/{rel}","templated":true}]}}