{"id":6110,"date":"2024-09-08T12:09:08","date_gmt":"2024-09-08T12:09:08","guid":{"rendered":"https:\/\/www.portanaviajes.com\/?p=6110"},"modified":"2025-04-07T06:07:39","modified_gmt":"2025-04-07T06:07:39","slug":"serie-13-los-canos-de-seron-08_09","status":"publish","type":"post","link":"https:\/\/www.portanaviajes.com\/en\/serie-13-los-canos-de-seron-08_09\/","title":{"rendered":"SERIE 13 LOS CANOS DE SER\u00d3N 08_09"},"content":{"rendered":"<div data-elementor-type=\"wp-post\" data-elementor-id=\"6110\" class=\"elementor elementor-6110\">\n\t\t\t\t\t\t<section class=\"elementor-section elementor-top-section elementor-element elementor-element-1c7a8c5e elementor-section-boxed elementor-section-height-default elementor-section-height-default\" data-id=\"1c7a8c5e\" data-element_type=\"section\" data-e-type=\"section\">\n\t\t\t\t\t\t<div class=\"elementor-container elementor-column-gap-default\">\n\t\t\t\t\t<div class=\"elementor-column elementor-col-100 elementor-top-column elementor-element elementor-element-48802f39\" data-id=\"48802f39\" data-element_type=\"column\" data-e-type=\"column\">\n\t\t\t<div class=\"elementor-widget-wrap elementor-element-populated\">\n\t\t\t\t\t\t<div class=\"elementor-element elementor-element-4bec42d9 elementor-widget elementor-widget-text-editor\" data-id=\"4bec42d9\" data-element_type=\"widget\" data-e-type=\"widget\" data-widget_type=\"text-editor.default\">\n\t\t\t\t<div class=\"elementor-widget-container\">\n\t\t\t\t\t\t\t\t\t<p><span style=\"font-weight: 400;\">El pasado fin de semana, <strong>Alberto, Andr\u00e9s, Antonio, Carmen, Carlos, David, H\u00e9ctor, H\u00e9lios, Emilio, Javier, Espada y Sergio<\/strong> nos lanzamos a la aventura en la <strong>Ruta Serie 13 por la Sierra de Filabres<\/strong>. Empezamos en Tabernas, donde las ganas de campo nos dieron el empuj\u00f3n necesario para arrancar. Pasamos por <strong>Los Ca\u00f1os de Ser\u00f3n<\/strong>, no solo disfrutamos de paisajes espectaculares, sino que tambi\u00e9n tuvimos la oportunidad de conocer la riqueza de nuestra historia visitando este interesante pueblo minero.<\/span><\/p><p><span style=\"font-weight: 400;\">Una sorpresa incre\u00edble fue la participaci\u00f3n del buggy de Emilio, ofrecido por Helios Garc\u00eda (\u00a0<\/span><a href=\"https:\/\/www.quadaventuraalmeria.com\/\" target=\"_blank\" rel=\"noopener\"><span style=\"font-weight: 400;\">https:\/\/www.quadaventuraalmeria.com\/ <\/span><\/a><span style=\"font-weight: 400;\">). Nos sorprendi\u00f3 lo divertido que result\u00f3 este juguete, a\u00f1adiendo una dosis extra de emoci\u00f3n a nuestra aventura.<\/span><\/p><p><span style=\"font-weight: 400;\">Luego, continuamos hacia<strong> Aldeire<\/strong> para reponer energ\u00edas, y con las pilas cargadas, seguimos hasta <strong>Los Marcos y Los Santos.<\/strong> Terminamos nuestra ruta en <strong>Calar Alto,<\/strong> donde las vistas nos dejaron sin palabras&#8230; \u00a1y casi sin aliento! Fue una aventura incre\u00edble, llena de buenos momentos y paisajes inolvidables.<\/span><\/p><p><span style=\"font-weight: 400;\">JFOrta.<\/span><\/p>\t\t\t\t\t\t\t\t<\/div>\n\t\t\t\t<\/div>\n\t\t\t\t\t<\/div>\n\t\t<\/div>\n\t\t\t\t\t<\/div>\n\t\t<\/section>\n\t\t\t\t<section class=\"elementor-section elementor-top-section elementor-element elementor-element-0c01e48 elementor-section-boxed elementor-section-height-default elementor-section-height-default\" data-id=\"0c01e48\" data-element_type=\"section\" data-e-type=\"section\">\n\t\t\t\t\t\t<div class=\"elementor-container elementor-column-gap-default\">\n\t\t\t\t\t<div class=\"elementor-column elementor-col-100 elementor-top-column elementor-element elementor-element-d25aa46\" data-id=\"d25aa46\" data-element_type=\"column\" data-e-type=\"column\">\n\t\t\t<div class=\"elementor-widget-wrap elementor-element-populated\">\n\t\t\t\t\t\t<div class=\"elementor-element elementor-element-fe27b48 elementor-widget elementor-widget-html\" data-id=\"fe27b48\" data-element_type=\"widget\" data-e-type=\"widget\" data-widget_type=\"html.default\">\n\t\t\t\t<div class=\"elementor-widget-container\">\n\t\t\t\t\t<div class=\"embedly-responsive\" style=\"position: relative;padding-bottom: 78.2227%;height: 0;overflow: hidden;\"><iframe class=\"embedly-embed\" frameborder=\"0\" scrolling=\"no\" allowfullscreen src=\"https:\/\/cdn.embedly.com\/widgets\/media.html?src=https:\/\/www.relive.cc\/view\/vevWm5rm4y6\/widget?r=embed-site&url=https:\/\/www.relive.cc\/view\/vevWm5rm4y6?r=embed-site&image=https:\/\/www.relive.cc\/view\/vevWm5rm4y6\/png?x-ref=embed-site&key=f1631a41cb254ca5b035dc5747a5bd75&type=text\/html&schema=relive\" width=\"1024\" height=\"801\" style=\"position: absolute;top: 0;left: 0;width: 100%;height: 100%;\"><\/iframe><\/div>\t\t\t\t<\/div>\n\t\t\t\t<\/div>\n\t\t\t\t\t<\/div>\n\t\t<\/div>\n\t\t\t\t\t<\/div>\n\t\t<\/section>\n\t\t\t\t<\/div>","protected":false},"excerpt":{"rendered":"<p>El pasado fin de semana, Alberto, Andr\u00e9s, Antonio, Carmen, Carlos, David, H\u00e9ctor, H\u00e9lios, Emilio, Javier, Espada y Sergio nos lanzamos a la aventura en la Ruta Serie 13 por la Sierra de Filabres. Empezamos en Tabernas, donde las ganas de campo nos dieron el&#8230;<\/p>","protected":false},"author":2,"featured_media":6112,"comment_status":"closed","ping_status":"closed","sticky":false,"template":"","format":"standard","meta":{"footnotes":""},"categories":[97],"tags":[],"class_list":["post-6110","post","type-post","status-publish","format-standard","has-post-thumbnail","hentry","category-viajes-y-rutas"],"meta_box":[],"_links":{"self":[{"href":"https:\/\/www.portanaviajes.com\/en\/wp-json\/wp\/v2\/posts\/6110","targetHints":{"allow":["GET"]}}],"collection":[{"href":"https:\/\/www.portanaviajes.com\/en\/wp-json\/wp\/v2\/posts"}],"about":[{"href":"https:\/\/www.portanaviajes.com\/en\/wp-json\/wp\/v2\/types\/post"}],"author":[{"embeddable":true,"href":"https:\/\/www.portanaviajes.com\/en\/wp-json\/wp\/v2\/users\/2"}],"replies":[{"embeddable":true,"href":"https:\/\/www.portanaviajes.com\/en\/wp-json\/wp\/v2\/comments?post=6110"}],"version-history":[{"count":7,"href":"https:\/\/www.portanaviajes.com\/en\/wp-json\/wp\/v2\/posts\/6110\/revisions"}],"predecessor-version":[{"id":6289,"href":"https:\/\/www.portanaviajes.com\/en\/wp-json\/wp\/v2\/posts\/6110\/revisions\/6289"}],"wp:featuredmedia":[{"embeddable":true,"href":"https:\/\/www.portanaviajes.com\/en\/wp-json\/wp\/v2\/media\/6112"}],"wp:attachment":[{"href":"https:\/\/www.portanaviajes.com\/en\/wp-json\/wp\/v2\/media?parent=6110"}],"wp:term":[{"taxonomy":"category","embeddable":true,"href":"https:\/\/www.portanaviajes.com\/en\/wp-json\/wp\/v2\/categories?post=6110"},{"taxonomy":"post_tag","embeddable":true,"href":"https:\/\/www.portanaviajes.com\/en\/wp-json\/wp\/v2\/tags?post=6110"}],"curies":[{"name":"wp","href":"https:\/\/api.w.org\/{rel}","templated":true}]}}