{"id":7673,"date":"2025-03-24T18:32:48","date_gmt":"2025-03-24T18:32:48","guid":{"rendered":"https:\/\/www.portanaviajes.com\/?p=7673"},"modified":"2025-08-27T15:04:24","modified_gmt":"2025-08-27T15:04:24","slug":"almeria-se-viste-de-verde-tras-las-lluvias-%f0%9f%8c%bf%f0%9f%8c%a7%ef%b8%8f","status":"publish","type":"post","link":"https:\/\/www.portanaviajes.com\/en\/almeria-se-viste-de-verde-tras-las-lluvias-%f0%9f%8c%bf%f0%9f%8c%a7%ef%b8%8f\/","title":{"rendered":"ALMERIA SE VISTE DE VERDE TRAS LAS LLUVIAS \ud83c\udf3f\ud83c\udf27\ufe0f"},"content":{"rendered":"<div data-elementor-type=\"wp-post\" data-elementor-id=\"7673\" class=\"elementor elementor-7673\">\n\t\t\t\t\t\t<section class=\"elementor-section elementor-top-section elementor-element elementor-element-1c7a8c5e elementor-section-boxed elementor-section-height-default elementor-section-height-default\" data-id=\"1c7a8c5e\" data-element_type=\"section\" data-e-type=\"section\">\n\t\t\t\t\t\t<div class=\"elementor-container elementor-column-gap-default\">\n\t\t\t\t\t<div class=\"elementor-column elementor-col-100 elementor-top-column elementor-element elementor-element-48802f39\" data-id=\"48802f39\" data-element_type=\"column\" data-e-type=\"column\">\n\t\t\t<div class=\"elementor-widget-wrap elementor-element-populated\">\n\t\t\t\t\t\t<div class=\"elementor-element elementor-element-4bec42d9 elementor-widget elementor-widget-text-editor\" data-id=\"4bec42d9\" data-element_type=\"widget\" data-e-type=\"widget\" data-widget_type=\"text-editor.default\">\n\t\t\t\t<div class=\"elementor-widget-container\">\n\t\t\t\t\t\t\t\t\t<p class=\"\" data-start=\"60\" data-end=\"271\">Las recientes lluvias han transformado <strong>Almer\u00eda<\/strong>, cubriendo de verde sus montes y ramblas. Lugares habitualmente \u00e1ridos ahora lucen un paisaje in\u00e9dito, con flores silvestres y arroyos ef\u00edmeros en pleno desierto.<\/p><p class=\"\" data-start=\"273\" data-end=\"563\"><strong>Las sierras de los Filabres, Alhamilla y el Cabo de Gata<\/strong> ofrecen ahora rutas espectaculares, con contrastes de colores poco habituales. Es el momento perfecto para salir a explorar y disfrutar de una Almer\u00eda diferente, donde el agua ha tra\u00eddo vida y nuevas oportunidades para la aventura.<\/p><p class=\"\" data-start=\"565\" data-end=\"651\">Si a\u00fan no lo has visto, aprovecha\u2026 \u00a1No sabemos cu\u00e1nto durar\u00e1 este espect\u00e1culo! \ud83d\udeb5\u200d\u2642\ufe0f\ud83c\udf3f<\/p><p><a href=\"https:\/\/chat.whatsapp.com\/KjZbll48ExEKaZ6h7V56LU\">ENLACE A LA COMUNIDAD DE PORTANA<\/a><\/p><p>JFOrta<\/p>\t\t\t\t\t\t\t\t<\/div>\n\t\t\t\t<\/div>\n\t\t\t\t\t<\/div>\n\t\t<\/div>\n\t\t\t\t\t<\/div>\n\t\t<\/section>\n\t\t\t\t<section class=\"elementor-section elementor-top-section elementor-element elementor-element-fd45f3d elementor-section-boxed elementor-section-height-default elementor-section-height-default\" data-id=\"fd45f3d\" data-element_type=\"section\" data-e-type=\"section\">\n\t\t\t\t\t\t<div class=\"elementor-container elementor-column-gap-default\">\n\t\t\t\t\t<div class=\"elementor-column elementor-col-100 elementor-top-column elementor-element elementor-element-e5f1532\" data-id=\"e5f1532\" data-element_type=\"column\" data-e-type=\"column\">\n\t\t\t<div class=\"elementor-widget-wrap elementor-element-populated\">\n\t\t\t\t\t\t<div class=\"elementor-element elementor-element-d607e8f elementor-widget elementor-widget-travol-banner-slider\" data-id=\"d607e8f\" data-element_type=\"widget\" data-e-type=\"widget\" data-widget_type=\"travol-banner-slider.default\">\n\t\t\t\t<div class=\"elementor-widget-container\">\n\t\t\t\t\t\t\t<!-- Slider -->\n\t\t<header class=\"header slider-fade\">\n\t\t\t<div class=\"owl-carousel owl-theme\" data-rtl=\"false\" data-carousel-autoplay=\"true\"  data-carousel-timeout=\"5000\"  data-carousel-dots=\"true\" data-carousel-dots-mobile=\"true\">\n\t\t\t\t<!-- The opacity on the image is made with \"data-overlay-dark=\"number\". You can change it using the numbers 0-9. -->\n\t\t\t\t\t\t\t\t\t\t\t\t<div class=\"text-center item bg-img bg-img-c\" data-overlay-dark=\"2\" data-background=\"https:\/\/www.portanaviajes.com\/wp-content\/uploads\/2025\/03\/ALMERIA-VERDE-2.jpg\" data-position=\"\">\n\t\t\t\t\t<div class=\"v-middle caption\">\n\t\t\t\t\t\t<div class=\"container\">\n\t\t\t\t\t\t\t<div class=\"row\">\n\t\t\t\t\t\t\t\t<div class=\"col-md-10 offset-md-1\">\n\t\t\t\t\t\t\t\t\t\t\t\t\t\t\t\t\t\t<h4 class=\"tl-header-banner-sub-title\">&quot;Es tiempo de aventuras es tiempo de Portana&quot;<\/h4>\n\t\t\t\t\t\t\t\t\t\t\t\t\t\t\t\t\t\t\t\t\t\t\t\t\t\t\t<h1 class=\"tl-header-banner-title\">EXPLORA EL MUNDO CON <span> PORTANA<\/span><\/h1>\n\t\t\t\t\t\t\t\t\t\t\t\t\t\t\t\t\t\t\t\t\t\t\t\t\t\t<\/div>\n\t\t\t\t\t\t\t<\/div>\n\t\t\t\t\t\t<\/div>\n\t\t\t\t\t<\/div>\n\t\t\t\t<\/div>\n\t\t\t\t\t\t\t\t\t\t\t\t\t\t\t\t<div class=\"text-center item bg-img bg-img-c\" data-overlay-dark=\"2\" data-background=\"https:\/\/www.portanaviajes.com\/wp-content\/uploads\/2025\/03\/ALMERIA-VERDE-4.jpg\" data-position=\"\">\n\t\t\t\t\t<div class=\"v-middle caption\">\n\t\t\t\t\t\t<div class=\"container\">\n\t\t\t\t\t\t\t<div class=\"row\">\n\t\t\t\t\t\t\t\t<div class=\"col-md-10 offset-md-1\">\n\t\t\t\t\t\t\t\t\t\t\t\t\t\t\t\t\t\t<h4 class=\"tl-header-banner-sub-title\">&quot;Es tiempo de aventuras es tiempo de Portana&quot;<\/h4>\n\t\t\t\t\t\t\t\t\t\t\t\t\t\t\t\t\t\t\t\t\t\t\t\t\t\t\t<h1 class=\"tl-header-banner-title\">EXPLORA EL MUNDO CON <span> PORTANA<\/span><\/h1>\n\t\t\t\t\t\t\t\t\t\t\t\t\t\t\t\t\t\t\t\t\t\t\t\t\t\t<\/div>\n\t\t\t\t\t\t\t<\/div>\n\t\t\t\t\t\t<\/div>\n\t\t\t\t\t<\/div>\n\t\t\t\t<\/div>\n\t\t\t\t\t\t\t\t\t\t\t\t\n\t\t\t<\/div>\n\t\t<\/header>\n\t\t\t\t\t\t<\/div>\n\t\t\t\t<\/div>\n\t\t\t\t\t<\/div>\n\t\t<\/div>\n\t\t\t\t\t<\/div>\n\t\t<\/section>\n\t\t\t\t<\/div>","protected":false},"excerpt":{"rendered":"<p>Las recientes lluvias han transformado Almer\u00eda, cubriendo de verde sus montes y ramblas. Lugares habitualmente \u00e1ridos ahora lucen un paisaje in\u00e9dito, con flores silvestres y arroyos ef\u00edmeros en pleno desierto. Las sierras de los Filabres, Alhamilla y el Cabo de Gata ofrecen ahora rutas&#8230;<\/p>","protected":false},"author":2,"featured_media":7676,"comment_status":"open","ping_status":"closed","sticky":false,"template":"","format":"standard","meta":{"footnotes":""},"categories":[97],"tags":[],"class_list":["post-7673","post","type-post","status-publish","format-standard","has-post-thumbnail","hentry","category-viajes-y-rutas"],"meta_box":[],"_links":{"self":[{"href":"https:\/\/www.portanaviajes.com\/en\/wp-json\/wp\/v2\/posts\/7673","targetHints":{"allow":["GET"]}}],"collection":[{"href":"https:\/\/www.portanaviajes.com\/en\/wp-json\/wp\/v2\/posts"}],"about":[{"href":"https:\/\/www.portanaviajes.com\/en\/wp-json\/wp\/v2\/types\/post"}],"author":[{"embeddable":true,"href":"https:\/\/www.portanaviajes.com\/en\/wp-json\/wp\/v2\/users\/2"}],"replies":[{"embeddable":true,"href":"https:\/\/www.portanaviajes.com\/en\/wp-json\/wp\/v2\/comments?post=7673"}],"version-history":[{"count":10,"href":"https:\/\/www.portanaviajes.com\/en\/wp-json\/wp\/v2\/posts\/7673\/revisions"}],"predecessor-version":[{"id":8468,"href":"https:\/\/www.portanaviajes.com\/en\/wp-json\/wp\/v2\/posts\/7673\/revisions\/8468"}],"wp:featuredmedia":[{"embeddable":true,"href":"https:\/\/www.portanaviajes.com\/en\/wp-json\/wp\/v2\/media\/7676"}],"wp:attachment":[{"href":"https:\/\/www.portanaviajes.com\/en\/wp-json\/wp\/v2\/media?parent=7673"}],"wp:term":[{"taxonomy":"category","embeddable":true,"href":"https:\/\/www.portanaviajes.com\/en\/wp-json\/wp\/v2\/categories?post=7673"},{"taxonomy":"post_tag","embeddable":true,"href":"https:\/\/www.portanaviajes.com\/en\/wp-json\/wp\/v2\/tags?post=7673"}],"curies":[{"name":"wp","href":"https:\/\/api.w.org\/{rel}","templated":true}]}}