{"id":7927,"date":"2025-05-05T18:16:57","date_gmt":"2025-05-05T18:16:57","guid":{"rendered":"https:\/\/www.portanaviajes.com\/?p=7927"},"modified":"2025-05-05T18:23:40","modified_gmt":"2025-05-05T18:23:40","slug":"manolo-alpanez","status":"publish","type":"post","link":"https:\/\/www.portanaviajes.com\/en\/manolo-alpanez\/","title":{"rendered":"Manolo Alpa\u00f1ez"},"content":{"rendered":"<div data-elementor-type=\"wp-post\" data-elementor-id=\"7927\" class=\"elementor elementor-7927\">\n\t\t\t\t\t\t<section class=\"elementor-section elementor-top-section elementor-element elementor-element-1c7a8c5e elementor-section-boxed elementor-section-height-default elementor-section-height-default\" data-id=\"1c7a8c5e\" data-element_type=\"section\" data-e-type=\"section\">\n\t\t\t\t\t\t<div class=\"elementor-container elementor-column-gap-default\">\n\t\t\t\t\t<div class=\"elementor-column elementor-col-100 elementor-top-column elementor-element elementor-element-48802f39\" data-id=\"48802f39\" data-element_type=\"column\" data-e-type=\"column\">\n\t\t\t<div class=\"elementor-widget-wrap elementor-element-populated\">\n\t\t\t\t\t\t<div class=\"elementor-element elementor-element-4bec42d9 elementor-widget elementor-widget-text-editor\" data-id=\"4bec42d9\" data-element_type=\"widget\" data-e-type=\"widget\" data-widget_type=\"text-editor.default\">\n\t\t\t\t<div class=\"elementor-widget-container\">\n\t\t\t\t\t\t\t\t\t<h3 data-start=\"126\" data-end=\"195\"><strong data-start=\"126\" data-end=\"195\">\ud83c\udfdc\ufe0f Manolo Alpa\u00f1ez: esp\u00edritu Portanero en la Titan Desert \ud83d\udeb4\u200d\u2642\ufe0f\u26d1\ufe0f<\/strong><\/h3><p class=\"\" data-start=\"197\" data-end=\"542\">Estos d\u00edas, entre las dunas infinitas del desierto marroqu\u00ed \ud83c\uddf2\ud83c\udde6, hay alguien que pedalea con el coraz\u00f3n\u2026 aunque no vaya sobre una bici. Nuestro compa\u00f1ero y amigo <strong data-start=\"360\" data-end=\"378\">Manolo Alpa\u00f1ez<\/strong>, incansable <strong data-start=\"391\" data-end=\"411\">Portanero Riders<\/strong> \ud83d\udc9b, forma parte del equipo sanitario que vela por la salud y el bienestar de los participantes en la m\u00edtica <strong data-start=\"520\" data-end=\"536\">Titan Desert<\/strong> \ud83c\udfc6\ud83c\udf1e.<\/p><p class=\"\" data-start=\"544\" data-end=\"781\">Manolo est\u00e1 all\u00ed no solo como profesional, sino como ese tipo de personas que <strong>suman, cuidan y hacen equipo<\/strong> \ud83d\ude4c. Porque donde hay aventura, hay Portaneros\u2026 y donde hay esfuerzo, est\u00e1 Manolo, con una mano tendida y una sonrisa tranquila \ud83d\ude0a.<\/p><p class=\"\" data-start=\"783\" data-end=\"933\"><strong>Desde aqu\u00ed, todo nuestro \u00e1nimo y admiraci\u00f3n<\/strong> \ud83d\ude4f \u00a1Nos enorgullece saber que entre etapa y etapa, hay <strong>un trocito de Portana<\/strong> latiendo en el desierto! \ud83c\udf0d\ud83d\udcaa<\/p><p class=\"\" data-start=\"935\" data-end=\"1040\"><strong data-start=\"935\" data-end=\"955\">\u00a1Grande, Manolo!<\/strong><br data-start=\"955\" data-end=\"958\" \/>\u2060<br data-start=\"959\" data-end=\"962\" \/><strong data-start=\"962\" data-end=\"1040\">#PortanerosEnElDesierto #TitanDesert #OrgulloPortanero #AventuraConCoraz\u00f3n<\/strong><\/p><p>JFOrta<\/p>\t\t\t\t\t\t\t\t<\/div>\n\t\t\t\t<\/div>\n\t\t\t\t\t<\/div>\n\t\t<\/div>\n\t\t\t\t\t<\/div>\n\t\t<\/section>\n\t\t\t\t<section class=\"elementor-section elementor-top-section elementor-element elementor-element-7e3face elementor-section-boxed elementor-section-height-default elementor-section-height-default\" data-id=\"7e3face\" data-element_type=\"section\" data-e-type=\"section\">\n\t\t\t\t\t\t<div class=\"elementor-container elementor-column-gap-default\">\n\t\t\t\t\t<div class=\"elementor-column elementor-col-100 elementor-top-column elementor-element elementor-element-921e2fb\" data-id=\"921e2fb\" data-element_type=\"column\" data-e-type=\"column\">\n\t\t\t<div class=\"elementor-widget-wrap elementor-element-populated\">\n\t\t\t\t\t\t<div class=\"elementor-element elementor-element-e05fcd8 elementor-widget elementor-widget-image\" data-id=\"e05fcd8\" data-element_type=\"widget\" data-e-type=\"widget\" data-widget_type=\"image.default\">\n\t\t\t\t<div class=\"elementor-widget-container\">\n\t\t\t\t\t\t\t\t\t\t\t\t\t\t\t<img fetchpriority=\"high\" decoding=\"async\" width=\"900\" height=\"387\" src=\"https:\/\/www.portanaviajes.com\/wp-content\/uploads\/2025\/05\/Imagen-de-WhatsApp-2025-05-05-a-las-19.50.07_13ddbf88-e1746468834229-1024x440.jpg\" class=\"attachment-large size-large wp-image-7928\" alt=\"MANOLO ALPA\u00d1EZ, PORTANERO RIDERS\" srcset=\"https:\/\/www.portanaviajes.com\/wp-content\/uploads\/2025\/05\/Imagen-de-WhatsApp-2025-05-05-a-las-19.50.07_13ddbf88-e1746468834229-1024x440.jpg 1024w, https:\/\/www.portanaviajes.com\/wp-content\/uploads\/2025\/05\/Imagen-de-WhatsApp-2025-05-05-a-las-19.50.07_13ddbf88-e1746468834229-300x129.jpg 300w, https:\/\/www.portanaviajes.com\/wp-content\/uploads\/2025\/05\/Imagen-de-WhatsApp-2025-05-05-a-las-19.50.07_13ddbf88-e1746468834229-768x330.jpg 768w, https:\/\/www.portanaviajes.com\/wp-content\/uploads\/2025\/05\/Imagen-de-WhatsApp-2025-05-05-a-las-19.50.07_13ddbf88-e1746468834229-1536x660.jpg 1536w, https:\/\/www.portanaviajes.com\/wp-content\/uploads\/2025\/05\/Imagen-de-WhatsApp-2025-05-05-a-las-19.50.07_13ddbf88-e1746468834229-18x8.jpg 18w, https:\/\/www.portanaviajes.com\/wp-content\/uploads\/2025\/05\/Imagen-de-WhatsApp-2025-05-05-a-las-19.50.07_13ddbf88-e1746468834229.jpg 2048w\" sizes=\"(max-width: 900px) 100vw, 900px\" \/>\t\t\t\t\t\t\t\t\t\t\t\t\t\t\t<\/div>\n\t\t\t\t<\/div>\n\t\t\t\t\t<\/div>\n\t\t<\/div>\n\t\t\t\t\t<\/div>\n\t\t<\/section>\n\t\t\t\t<section class=\"elementor-section elementor-top-section elementor-element elementor-element-1b0ccab elementor-section-boxed elementor-section-height-default elementor-section-height-default\" data-id=\"1b0ccab\" data-element_type=\"section\" data-e-type=\"section\">\n\t\t\t\t\t\t<div class=\"elementor-container elementor-column-gap-default\">\n\t\t\t\t\t<div class=\"elementor-column elementor-col-50 elementor-top-column elementor-element elementor-element-c5ea9e5\" data-id=\"c5ea9e5\" data-element_type=\"column\" data-e-type=\"column\">\n\t\t\t<div class=\"elementor-widget-wrap elementor-element-populated\">\n\t\t\t\t\t\t<div class=\"elementor-element elementor-element-db43f02 elementor-widget elementor-widget-image\" data-id=\"db43f02\" data-element_type=\"widget\" data-e-type=\"widget\" data-widget_type=\"image.default\">\n\t\t\t\t<div class=\"elementor-widget-container\">\n\t\t\t\t\t\t\t\t\t\t\t\t\t\t\t<img decoding=\"async\" width=\"900\" height=\"405\" src=\"https:\/\/www.portanaviajes.com\/wp-content\/uploads\/2025\/05\/Imagen-de-WhatsApp-2025-05-05-a-las-19.54.09_9cb2fb5d-1024x461.jpg\" class=\"attachment-large size-large wp-image-7933\" alt=\"MANOLO ALPA\u00d1EZ, PORTANERO RIDERS\" srcset=\"https:\/\/www.portanaviajes.com\/wp-content\/uploads\/2025\/05\/Imagen-de-WhatsApp-2025-05-05-a-las-19.54.09_9cb2fb5d-1024x461.jpg 1024w, https:\/\/www.portanaviajes.com\/wp-content\/uploads\/2025\/05\/Imagen-de-WhatsApp-2025-05-05-a-las-19.54.09_9cb2fb5d-300x135.jpg 300w, https:\/\/www.portanaviajes.com\/wp-content\/uploads\/2025\/05\/Imagen-de-WhatsApp-2025-05-05-a-las-19.54.09_9cb2fb5d-768x346.jpg 768w, https:\/\/www.portanaviajes.com\/wp-content\/uploads\/2025\/05\/Imagen-de-WhatsApp-2025-05-05-a-las-19.54.09_9cb2fb5d-1536x691.jpg 1536w, https:\/\/www.portanaviajes.com\/wp-content\/uploads\/2025\/05\/Imagen-de-WhatsApp-2025-05-05-a-las-19.54.09_9cb2fb5d-18x8.jpg 18w, https:\/\/www.portanaviajes.com\/wp-content\/uploads\/2025\/05\/Imagen-de-WhatsApp-2025-05-05-a-las-19.54.09_9cb2fb5d.jpg 1640w\" sizes=\"(max-width: 900px) 100vw, 900px\" \/>\t\t\t\t\t\t\t\t\t\t\t\t\t\t\t<\/div>\n\t\t\t\t<\/div>\n\t\t\t\t\t<\/div>\n\t\t<\/div>\n\t\t\t\t<div class=\"elementor-column elementor-col-50 elementor-top-column elementor-element elementor-element-0f5d22e\" data-id=\"0f5d22e\" data-element_type=\"column\" data-e-type=\"column\">\n\t\t\t<div class=\"elementor-widget-wrap elementor-element-populated\">\n\t\t\t\t\t\t<div class=\"elementor-element elementor-element-d07f5b8 elementor-widget elementor-widget-image\" data-id=\"d07f5b8\" data-element_type=\"widget\" data-e-type=\"widget\" data-widget_type=\"image.default\">\n\t\t\t\t<div class=\"elementor-widget-container\">\n\t\t\t\t\t\t\t\t\t\t\t\t\t\t\t<img decoding=\"async\" width=\"900\" height=\"405\" src=\"https:\/\/www.portanaviajes.com\/wp-content\/uploads\/2025\/05\/Imagen-de-WhatsApp-2025-05-05-a-las-19.54.09_46dc3ee2-1024x461.jpg\" class=\"attachment-large size-large wp-image-7934\" alt=\"MANOLO ALPA\u00d1EZ, PORTANERO RIDERS\" srcset=\"https:\/\/www.portanaviajes.com\/wp-content\/uploads\/2025\/05\/Imagen-de-WhatsApp-2025-05-05-a-las-19.54.09_46dc3ee2-1024x461.jpg 1024w, https:\/\/www.portanaviajes.com\/wp-content\/uploads\/2025\/05\/Imagen-de-WhatsApp-2025-05-05-a-las-19.54.09_46dc3ee2-300x135.jpg 300w, https:\/\/www.portanaviajes.com\/wp-content\/uploads\/2025\/05\/Imagen-de-WhatsApp-2025-05-05-a-las-19.54.09_46dc3ee2-768x346.jpg 768w, https:\/\/www.portanaviajes.com\/wp-content\/uploads\/2025\/05\/Imagen-de-WhatsApp-2025-05-05-a-las-19.54.09_46dc3ee2-1536x691.jpg 1536w, https:\/\/www.portanaviajes.com\/wp-content\/uploads\/2025\/05\/Imagen-de-WhatsApp-2025-05-05-a-las-19.54.09_46dc3ee2-18x8.jpg 18w, https:\/\/www.portanaviajes.com\/wp-content\/uploads\/2025\/05\/Imagen-de-WhatsApp-2025-05-05-a-las-19.54.09_46dc3ee2.jpg 1640w\" sizes=\"(max-width: 900px) 100vw, 900px\" \/>\t\t\t\t\t\t\t\t\t\t\t\t\t\t\t<\/div>\n\t\t\t\t<\/div>\n\t\t\t\t\t<\/div>\n\t\t<\/div>\n\t\t\t\t\t<\/div>\n\t\t<\/section>\n\t\t\t\t<\/div>","protected":false},"excerpt":{"rendered":"<p>\ud83c\udfc1 Primera historia destacada<\/p>","protected":false},"author":2,"featured_media":7928,"comment_status":"open","ping_status":"closed","sticky":false,"template":"","format":"standard","meta":{"footnotes":""},"categories":[108],"tags":[],"class_list":["post-7927","post","type-post","status-publish","format-standard","has-post-thumbnail","hentry","category-portana-riders"],"meta_box":[],"_links":{"self":[{"href":"https:\/\/www.portanaviajes.com\/en\/wp-json\/wp\/v2\/posts\/7927","targetHints":{"allow":["GET"]}}],"collection":[{"href":"https:\/\/www.portanaviajes.com\/en\/wp-json\/wp\/v2\/posts"}],"about":[{"href":"https:\/\/www.portanaviajes.com\/en\/wp-json\/wp\/v2\/types\/post"}],"author":[{"embeddable":true,"href":"https:\/\/www.portanaviajes.com\/en\/wp-json\/wp\/v2\/users\/2"}],"replies":[{"embeddable":true,"href":"https:\/\/www.portanaviajes.com\/en\/wp-json\/wp\/v2\/comments?post=7927"}],"version-history":[{"count":7,"href":"https:\/\/www.portanaviajes.com\/en\/wp-json\/wp\/v2\/posts\/7927\/revisions"}],"predecessor-version":[{"id":7937,"href":"https:\/\/www.portanaviajes.com\/en\/wp-json\/wp\/v2\/posts\/7927\/revisions\/7937"}],"wp:featuredmedia":[{"embeddable":true,"href":"https:\/\/www.portanaviajes.com\/en\/wp-json\/wp\/v2\/media\/7928"}],"wp:attachment":[{"href":"https:\/\/www.portanaviajes.com\/en\/wp-json\/wp\/v2\/media?parent=7927"}],"wp:term":[{"taxonomy":"category","embeddable":true,"href":"https:\/\/www.portanaviajes.com\/en\/wp-json\/wp\/v2\/categories?post=7927"},{"taxonomy":"post_tag","embeddable":true,"href":"https:\/\/www.portanaviajes.com\/en\/wp-json\/wp\/v2\/tags?post=7927"}],"curies":[{"name":"wp","href":"https:\/\/api.w.org\/{rel}","templated":true}]}}