{"id":8631,"date":"2025-12-15T11:05:33","date_gmt":"2025-12-15T11:05:33","guid":{"rendered":"https:\/\/www.portanaviajes.com\/?p=8631"},"modified":"2025-12-15T11:54:30","modified_gmt":"2025-12-15T11:54:30","slug":"el-equipo-tomka-portana-en-el-rally-iriky","status":"publish","type":"post","link":"https:\/\/www.portanaviajes.com\/en\/el-equipo-tomka-portana-en-el-rally-iriky\/","title":{"rendered":"EL EQUIPO TOMKA-PORTANA EN EL RALLY IRIKY"},"content":{"rendered":"<div data-elementor-type=\"wp-post\" data-elementor-id=\"8631\" class=\"elementor elementor-8631\">\n\t\t\t\t\t\t<section class=\"elementor-section elementor-top-section elementor-element elementor-element-1c7a8c5e elementor-section-boxed elementor-section-height-default elementor-section-height-default\" data-id=\"1c7a8c5e\" data-element_type=\"section\" data-e-type=\"section\">\n\t\t\t\t\t\t<div class=\"elementor-container elementor-column-gap-default\">\n\t\t\t\t\t<div class=\"elementor-column elementor-col-100 elementor-top-column elementor-element elementor-element-48802f39\" data-id=\"48802f39\" data-element_type=\"column\" data-e-type=\"column\">\n\t\t\t<div class=\"elementor-widget-wrap elementor-element-populated\">\n\t\t\t\t\t\t<div class=\"elementor-element elementor-element-4bec42d9 elementor-widget elementor-widget-text-editor\" data-id=\"4bec42d9\" data-element_type=\"widget\" data-e-type=\"widget\" data-widget_type=\"text-editor.default\">\n\t\t\t\t<div class=\"elementor-widget-container\">\n\t\t\t\t\t\t\t\t\t<h1>Tomka\u2011Portana, podio en el Rally Iriki 2025 <img decoding=\"async\" draggable=\"false\" role=\"img\" class=\"emoji\" alt=\"\ud83c\udfc1\" src=\"https:\/\/s.w.org\/images\/core\/emoji\/17.0.2\/svg\/1f3c1.svg\">&nbsp;<\/h1>\n<p>El <strong>Rally Iriki 2025<\/strong>, dentro del <strong>Sin Fronteras Challenge<\/strong>, volvi\u00f3 a poner a prueba la resistencia, la navegaci\u00f3n y el trabajo en equipo en uno de los escenarios m\u00e1s exigentes del sur de Marruecos <img decoding=\"async\" draggable=\"false\" role=\"img\" class=\"emoji\" alt=\"\ud83c\udfdc\ufe0f\" src=\"https:\/\/s.w.org\/images\/core\/emoji\/17.0.2\/svg\/1f3dc.svg\">. En esta edici\u00f3n, el <strong>equipo Tomka\u2011Portana<\/strong> firm\u00f3 una actuaci\u00f3n sobresaliente, logrando un <strong>tercer puesto en su categor\u00eda <img decoding=\"async\" draggable=\"false\" role=\"img\" class=\"emoji\" alt=\"\ud83e\udd49\" src=\"https:\/\/s.w.org\/images\/core\/emoji\/17.0.2\/svg\/1f949.svg\"><\/strong>, un resultado que sabe a aut\u00e9ntica recompensa tras d\u00edas de esfuerzo y constancia.<\/p>\n<p>Desde el primer pr\u00f3logo, la competici\u00f3n se desarroll\u00f3 <strong>contra el crono <img decoding=\"async\" draggable=\"false\" role=\"img\" class=\"emoji\" alt=\"\u23f1\ufe0f\" src=\"https:\/\/s.w.org\/images\/core\/emoji\/17.0.2\/svg\/23f1.svg\"><\/strong>, con <strong>cinco etapas<\/strong> guiadas por <strong>rut\u00f3metro <img decoding=\"async\" draggable=\"false\" role=\"img\" class=\"emoji\" alt=\"\ud83e\udded\" src=\"https:\/\/s.w.org\/images\/core\/emoji\/17.0.2\/svg\/1f9ed.svg\"><\/strong>, atravesando pistas r\u00e1pidas, zonas pedregosas, dunas y tramos donde la precisi\u00f3n en la navegaci\u00f3n marc\u00f3 la diferencia. El Iriki no concede tregua: cada decisi\u00f3n cuenta y cualquier error se paga caro.<\/p>\n<h2>Regularidad, navegaci\u00f3n y esp\u00edritu de equipo <img decoding=\"async\" draggable=\"false\" role=\"img\" class=\"emoji\" alt=\"\ud83e\udd1d\" src=\"https:\/\/s.w.org\/images\/core\/emoji\/17.0.2\/svg\/1f91d.svg\"><\/h2>\n<p>La actuaci\u00f3n de <strong>Antonio L\u00f3pez Collado<\/strong> y <strong>Javier Calatrava Espinosa<\/strong> fue clave para el resultado final. Ambos demostraron una <strong>excelente compenetraci\u00f3n entre pilotaje <img decoding=\"async\" draggable=\"false\" role=\"img\" class=\"emoji\" alt=\"\ud83c\udfce\ufe0f\" src=\"https:\/\/s.w.org\/images\/core\/emoji\/17.0.2\/svg\/1f3ce.svg\"> y navegaci\u00f3n <img decoding=\"async\" draggable=\"false\" role=\"img\" class=\"emoji\" alt=\"\ud83e\udded\" src=\"https:\/\/s.w.org\/images\/core\/emoji\/17.0.2\/svg\/1f9ed.svg\"><\/strong>, leyendo el rut\u00f3metro con precisi\u00f3n y tomando decisiones acertadas incluso en los momentos m\u00e1s delicados de la carrera.<\/p>\n<p>La prueba no estuvo exenta de dificultades. Una <strong>aver\u00eda en el radiador <img decoding=\"async\" draggable=\"false\" role=\"img\" class=\"emoji\" alt=\"\ud83d\udd27\" src=\"https:\/\/s.w.org\/images\/core\/emoji\/17.0.2\/svg\/1f527.svg\"><\/strong> comenz\u00f3 a dar problemas a lo largo de la competici\u00f3n, obligando al equipo a gestionar temperaturas, ritmos y paradas con extrema cautela. Aun as\u00ed, lejos de rendirse, Antonio y Javier supieron <strong>adaptarse, mantener la calma y seguir en carrera<\/strong>, etapa tras etapa, sin que la mec\u00e1nica les diera tregua hasta el final.<\/p>\n<p>Ese esfuerzo tuvo un coste a\u00f1adido: tras cruzar la meta final <img decoding=\"async\" draggable=\"false\" role=\"img\" class=\"emoji\" alt=\"\ud83c\udfc1\" src=\"https:\/\/s.w.org\/images\/core\/emoji\/17.0.2\/svg\/1f3c1.svg\">, el veh\u00edculo tuvo que ser <strong>remolcado hasta Almer\u00eda <img decoding=\"async\" draggable=\"false\" role=\"img\" class=\"emoji\" alt=\"\ud83d\ude9b\" src=\"https:\/\/s.w.org\/images\/core\/emoji\/17.0.2\/svg\/1f69b.svg\"><\/strong>, poniendo el broche a una participaci\u00f3n en la que&nbsp; la perseverancia pes\u00f3 m\u00e1s que la adversidad.<\/p>\n<h2>Un tercer puesto que sabe a gloria <img decoding=\"async\" draggable=\"false\" role=\"img\" class=\"emoji\" alt=\"\ud83e\udd49\" src=\"https:\/\/s.w.org\/images\/core\/emoji\/17.0.2\/svg\/1f949.svg\"><img decoding=\"async\" draggable=\"false\" role=\"img\" class=\"emoji\" alt=\"\u2728\" src=\"https:\/\/s.w.org\/images\/core\/emoji\/17.0.2\/svg\/2728.svg\"><\/h2>\n<p>El <strong>tercer puesto en su categor\u00eda<\/strong> confirma el buen trabajo realizado y premia la constancia, la estrategia y el compromiso del equipo Tomka\u2011Portana. M\u00e1s que una posici\u00f3n en la clasificaci\u00f3n, es una <strong>recompensa merecida<\/strong> a una carrera luchada hasta el \u00faltimo kil\u00f3metro.<\/p>\n<p>Desde Portana, la enhorabuena a <strong>Antonio L\u00f3pez Collado<\/strong> y <strong>Javier Calatrava Espinosa<\/strong> por representar estos valores en el desierto y demostrar que, incluso cuando todo se complica, el verdadero \u00e9xito est\u00e1 en no rendirse. <img decoding=\"async\" draggable=\"false\" role=\"img\" class=\"emoji\" alt=\"\ud83d\udcaa\" src=\"https:\/\/s.w.org\/images\/core\/emoji\/17.0.2\/svg\/1f4aa.svg\"><img decoding=\"async\" draggable=\"false\" role=\"img\" class=\"emoji\" alt=\"\ud83c\udfdc\ufe0f\" src=\"https:\/\/s.w.org\/images\/core\/emoji\/17.0.2\/svg\/1f3dc.svg\"><\/p>\n<p>JFOrta<\/p>\t\t\t\t\t\t\t\t<\/div>\n\t\t\t\t<\/div>\n\t\t\t\t\t<\/div>\n\t\t<\/div>\n\t\t\t\t\t<\/div>\n\t\t<\/section>\n\t\t\t\t<section class=\"elementor-section elementor-top-section elementor-element elementor-element-1a27358 elementor-section-boxed elementor-section-height-default elementor-section-height-default\" data-id=\"1a27358\" data-element_type=\"section\" data-e-type=\"section\">\n\t\t\t\t\t\t<div class=\"elementor-container elementor-column-gap-default\">\n\t\t\t\t\t<div class=\"elementor-column elementor-col-100 elementor-top-column elementor-element elementor-element-92e26bd\" data-id=\"92e26bd\" data-element_type=\"column\" data-e-type=\"column\">\n\t\t\t<div class=\"elementor-widget-wrap elementor-element-populated\">\n\t\t\t\t\t\t<div class=\"elementor-element elementor-element-8d5745d elementor-widget elementor-widget-image\" data-id=\"8d5745d\" data-element_type=\"widget\" data-e-type=\"widget\" data-widget_type=\"image.default\">\n\t\t\t\t<div class=\"elementor-widget-container\">\n\t\t\t\t\t\t\t\t\t\t\t\t\t\t\t<img fetchpriority=\"high\" decoding=\"async\" width=\"768\" height=\"1024\" src=\"https:\/\/www.portanaviajes.com\/wp-content\/uploads\/2025\/12\/WhatsApp-Image-2025-12-12-at-11.57.01-768x1024.jpeg\" class=\"attachment-large size-large wp-image-8634\" alt=\"EQUIPO TOMKA PORTANA\" srcset=\"https:\/\/www.portanaviajes.com\/wp-content\/uploads\/2025\/12\/WhatsApp-Image-2025-12-12-at-11.57.01-768x1023.jpeg 768w, https:\/\/www.portanaviajes.com\/wp-content\/uploads\/2025\/12\/WhatsApp-Image-2025-12-12-at-11.57.01-225x300.jpeg 225w, https:\/\/www.portanaviajes.com\/wp-content\/uploads\/2025\/12\/WhatsApp-Image-2025-12-12-at-11.57.01-9x12.jpeg 9w, https:\/\/www.portanaviajes.com\/wp-content\/uploads\/2025\/12\/WhatsApp-Image-2025-12-12-at-11.57.01.jpeg 968w\" sizes=\"(max-width: 768px) 100vw, 768px\" \/>\t\t\t\t\t\t\t\t\t\t\t\t\t\t\t<\/div>\n\t\t\t\t<\/div>\n\t\t\t\t\t<\/div>\n\t\t<\/div>\n\t\t\t\t\t<\/div>\n\t\t<\/section>\n\t\t\t\t<\/div>","protected":false},"excerpt":{"rendered":"<p>Tomka\u2011Portana, podio en el Rally Iriki 2025 El Rally Iriki 2025, dentro del Sin Fronteras Challenge, volvi\u00f3 a poner a prueba la resistencia, la navegaci\u00f3n y el trabajo en equipo en uno de los escenarios m\u00e1s exigentes del sur de Marruecos . En esta&#8230;<\/p>","protected":false},"author":2,"featured_media":8632,"comment_status":"open","ping_status":"closed","sticky":false,"template":"","format":"standard","meta":{"footnotes":""},"categories":[108],"tags":[],"class_list":["post-8631","post","type-post","status-publish","format-standard","has-post-thumbnail","hentry","category-portana-riders"],"meta_box":[],"_links":{"self":[{"href":"https:\/\/www.portanaviajes.com\/en\/wp-json\/wp\/v2\/posts\/8631","targetHints":{"allow":["GET"]}}],"collection":[{"href":"https:\/\/www.portanaviajes.com\/en\/wp-json\/wp\/v2\/posts"}],"about":[{"href":"https:\/\/www.portanaviajes.com\/en\/wp-json\/wp\/v2\/types\/post"}],"author":[{"embeddable":true,"href":"https:\/\/www.portanaviajes.com\/en\/wp-json\/wp\/v2\/users\/2"}],"replies":[{"embeddable":true,"href":"https:\/\/www.portanaviajes.com\/en\/wp-json\/wp\/v2\/comments?post=8631"}],"version-history":[{"count":8,"href":"https:\/\/www.portanaviajes.com\/en\/wp-json\/wp\/v2\/posts\/8631\/revisions"}],"predecessor-version":[{"id":8641,"href":"https:\/\/www.portanaviajes.com\/en\/wp-json\/wp\/v2\/posts\/8631\/revisions\/8641"}],"wp:featuredmedia":[{"embeddable":true,"href":"https:\/\/www.portanaviajes.com\/en\/wp-json\/wp\/v2\/media\/8632"}],"wp:attachment":[{"href":"https:\/\/www.portanaviajes.com\/en\/wp-json\/wp\/v2\/media?parent=8631"}],"wp:term":[{"taxonomy":"category","embeddable":true,"href":"https:\/\/www.portanaviajes.com\/en\/wp-json\/wp\/v2\/categories?post=8631"},{"taxonomy":"post_tag","embeddable":true,"href":"https:\/\/www.portanaviajes.com\/en\/wp-json\/wp\/v2\/tags?post=8631"}],"curies":[{"name":"wp","href":"https:\/\/api.w.org\/{rel}","templated":true}]}}